{"id":908,"date":"2025-10-08T18:12:38","date_gmt":"2025-10-08T18:12:38","guid":{"rendered":"https:\/\/venstresida.net\/ny\/?p=908"},"modified":"2025-10-08T18:12:38","modified_gmt":"2025-10-08T18:12:38","slug":"civitas-presisjonsniva","status":"publish","type":"post","link":"https:\/\/venstresida.net\/ny\/index.php\/2025\/10\/08\/civitas-presisjonsniva\/","title":{"rendered":"Civitas presisjonsniv\u00e5"},"content":{"rendered":"\n<p><strong>Jeg oppdaget nettopp en gammel tekst om R\u00f8dts prinsipprogram p\u00e5 Civitas hjemmesider. Den stod, ikke overraskende, til stryk.<\/strong><\/p>\n\n\n\n<p><strong>At den kj\u00f8pt-og-betale propagandaorganisasjonen Civita, finansiert av de blant oss med h\u00f8y formue og lav skattevilje, ikke liker R\u00f8dt er knappest overraskende.<\/strong><\/p>\n\n\n\n<p>S\u00e5 fryktelig overraskende er det heller ikke at de i sin kritikk av R\u00f8dt tidvis henfaller til det velkjente propagandagrepet \u00abblank l\u00f8gn\u00bb. Likevel kan det v\u00e6re p\u00e5 sin plass \u00e5 p\u00e5peke dette n\u00e5r det dukker opp.<\/p>\n\n\n\n<p><strong>Siden jeg i et par runder<\/strong> har v\u00e6rt ganske tett engasjert i R\u00f8dts prinsipprogram, f\u00f8ler jeg p\u00e5 et litt spesielt ansvar for \u00e5 rydde her. Jeg var leder av den forberedende prinsipprogramkomiteen i forkant av den helhetlige omskrivingen av sosialismekapitlet i 2014 (et kapittel som fortsatt ligger i bunnen for dagens sosialismekapittel, selv om det naturlig nok er gjort justeringer de siste ti \u00e5rene), ja jeg skrev endog egenhendig et f\u00f8rsteutkast til det interne komitearbeidet, og p\u00e5f\u00f8lgende partidiskusjon som i stor grad overlevde b\u00e5de komiteen, partiprosessen og voteringen p\u00e5 landsm\u00f8tets f\u00f8rste dag, hvor kapitlet ble lagt til grunn for behandlingen p\u00e5 landsm\u00f8tet. (Dette siste skjedde med knapt flertall etter en kraftfull motmobilisering blant mer \u2013 tja, skal vi si konservative krefter, men mobiliseringen holdt alts\u00e5 ikke.)<\/p>\n\n\n\n<p>Med en rekke justeringer b\u00e5de her og der gjennom natten p\u00e5 landsm\u00f8tet ble et justert kapittel som komiteen stort sett var samlet om etter en del kompromisser stemt gjennom med et par mindre justeringer p\u00e5 landsm\u00f8tets siste dag. (Vi var vel ferdige med komitearbeidet i femtida p\u00e5 morgenen om ikke jeg husker feil, etter et heltemodig arbeid fra mange, men ikke minst dav\u00e6rende partisekret\u00e6r Mari Eifring, som vel var den som var mest sentral i \u00e5 holde orden p\u00e5 vedtak, innstillinger osv. fra en gjeng med stadig mer r\u00f8dskutte \u00f8yne utover natta).<\/p>\n\n\n\n<p>Jeg var ogs\u00e5 medlem i den samme forberedende prinsipprogramkomiteen i 2018-19. S\u00e5, ja, jeg f\u00f8ler jeg har noen aksjer i prinsipprogrammet, og s\u00e6rlig sosialismekapitlet.<\/p>\n\n\n\n<p><strong>Derfor blir jeg litt oppgitt<\/strong> n\u00e5r jeg (og her m\u00e5 jeg tilgis at jeg ikke tr\u00e5ler Civitas nettsider ofte nok) plutselig n\u00e5 s\u00e5 en klassisk B\u00e5rd Larsen-tekst fra i fjor, som p\u00e5star at R\u00f8dts politikk inneb\u00e6rer \u00abEt brudd med liberaldemokratiet\u00bb. Som basis for denne p\u00e5standen har han at <a href=\"https:\/\/civita.no\/politisk-filosofi-og-idedebatt\/andre-ideologier\/kommunisme\/rodts-prinsipprogram-det-nytter-ikke-a-lakkere-en-gjennomrusten-bil\/\" data-type=\"link\" data-id=\"https:\/\/civita.no\/politisk-filosofi-og-idedebatt\/andre-ideologier\/kommunisme\/rodts-prinsipprogram-det-nytter-ikke-a-lakkere-en-gjennomrusten-bil\/\">\u00abR\u00f8dts revolusjon, slik den fremstilles i prinsipprogrammet, er et fullstendig brudd med hele den liberaldemokratiske statsdannelsen. Maktfordeling, uavhengige institusjoner, eiendomsrett og representativt demokrati, alts\u00e5 det liberale demokratiet slik vi kjenner det, skal bort.\u00bb<\/a><\/p>\n\n\n\n<p><strong>Dette h\u00f8rtes umiddelbart<\/strong> for meg som den rake motsetningen av hva R\u00f8dts prinsipprogram sier, s\u00e5 jeg m\u00e5tte selvsagt g\u00e5 til kilden \u2013 nemlig sosialismekapitlet \u2013 for \u00e5 se om det har v\u00e6rt hjemme-alene-fest p\u00e5 et landsm\u00f8te hvor jeg ikke har v\u00e6rt tilstede.<\/p>\n\n\n\n<p>Men, som jeg hadde i husken, p\u00e5 side 16 i Prinsipprogrammet st\u00e5r det slik det har gjort i hvert fall siden 2014: <a href=\"https:\/\/roedt.no\/fil\/f60b95dfc54397a984de84cd600dbbedd2bf8745.pdf\" data-type=\"link\" data-id=\"https:\/\/roedt.no\/fil\/f60b95dfc54397a984de84cd600dbbedd2bf8745.pdf\">\u00abR\u00f8dt mener at ytringsfrihet, organisasjonsfrihet, frie valg, frie medier, streikerett, religionsfrihet og uavhengige domstoler som garanterer rettssikkerheten for det enkelte individ, er grunnleggende for et sosialistisk samfunn.\u00bb<\/a> Dvs. de klassiske liberale frihetene B\u00e5rd Larsen mener R\u00f8dt skal ha vekk, de skal<em> i hvert fall<\/em> ikke vekk. Ikke bare sier vi at de skal beholdes i et sosialistisk samfunn, vi sier de er <em>grunnleggende<\/em> for det. Dvs. et sosialistisk samfunn kan ikke eksistere uten slike friheter og rettigheter &#8211; de er en forutsetning for ethvert reelt folkestyre.<\/p>\n\n\n\n<p><br><strong>S\u00e5 hvordan kan en slik <\/strong>blank og \u00e5penbar l\u00f8gn klare \u00e5 snike seg inn i en B\u00e5rd Larsen-tekst? Kan det v\u00e6re at Civitas heltidsansatte R\u00f8dt-refser ikke har lest det programmet han har sittet og skrevet kronikker om de siste ti \u00e5rene? Eller kan det v\u00e6re han bare pr\u00f8vde seg p\u00e5 en frekk l\u00f8gn, og satsa p\u00e5 \u00e5 slippe unna med det?<\/p>\n\n\n\n<p>Det er klart, n\u00e5r en tekst i utgangspunktet kun er publisert i Minerva og p\u00e5 Civitas hjemmesider, n\u00e5r han jo et takknemlig publikum som er lite kritiske til negative p\u00e5stander om R\u00f8dt, og som med kjent confirmation bias, gjerne svelger slike p\u00e5stander motstandsl\u00f8st, som en pingvin sluker en sardin f\u00f8r fj\u00e6rskiftinga.<\/p>\n\n\n\n<p><strong>Det tok nemlig<\/strong> som sagt meg over et \u00e5r \u00e5 oppdage dette makkverket. Men jeg fant det i et tilfeldig netts\u00f8k, og n\u00e5 er l\u00f8gnen alts\u00e5 avsl\u00f8rt her p\u00e5 dette nettstedet som muligens har litt mindre spredning enn nettsidene til Civita og Minerva kombinert, men som nok har en betydelig h\u00f8yere kvalitet p\u00e5 leserne som veier opp for det!<\/p>\n\n\n\n<p>Men, <em>likdel<\/em>, som de sier i <em>Femskritts<\/em>partiet, s\u00e5 kanskje spredningen bedrer seg noe.<\/p>\n","protected":false},"excerpt":{"rendered":"<p>Jeg oppdaget nettopp en gammel tekst om R\u00f8dts prinsipprogram p\u00e5 Civitas hjemmesider. Den stod, ikke overraskende, til stryk. At den kj\u00f8pt-og-betale propagandaorganisasjonen Civita, finansiert av de blant oss med h\u00f8y formue og&#8230;<\/p>\n","protected":false},"author":1,"featured_media":910,"comment_status":"open","ping_status":"open","sticky":false,"template":"","format":"standard","meta":{"advanced_seo_description":"","jetpack_seo_html_title":"","jetpack_seo_noindex":false,"_jetpack_memberships_contains_paid_content":false,"footnotes":"","jetpack_publicize_message":"","jetpack_publicize_feature_enabled":true,"jetpack_social_post_already_shared":true,"jetpack_social_options":{"image_generator_settings":{"template":"highway","default_image_id":0,"font":"","enabled":false},"version":2}},"categories":[25],"tags":[],"class_list":["post-908","post","type-post","status-publish","format-standard","has-post-thumbnail","hentry","category-politikk"],"jetpack_publicize_connections":[],"jetpack_featured_media_url":"https:\/\/venstresida.net\/ny\/wp-content\/uploads\/2025\/10\/image-1.png","jetpack_sharing_enabled":true,"post_mailing_queue_ids":[],"_links":{"self":[{"href":"https:\/\/venstresida.net\/ny\/index.php\/wp-json\/wp\/v2\/posts\/908","targetHints":{"allow":["GET"]}}],"collection":[{"href":"https:\/\/venstresida.net\/ny\/index.php\/wp-json\/wp\/v2\/posts"}],"about":[{"href":"https:\/\/venstresida.net\/ny\/index.php\/wp-json\/wp\/v2\/types\/post"}],"author":[{"embeddable":true,"href":"https:\/\/venstresida.net\/ny\/index.php\/wp-json\/wp\/v2\/users\/1"}],"replies":[{"embeddable":true,"href":"https:\/\/venstresida.net\/ny\/index.php\/wp-json\/wp\/v2\/comments?post=908"}],"version-history":[{"count":1,"href":"https:\/\/venstresida.net\/ny\/index.php\/wp-json\/wp\/v2\/posts\/908\/revisions"}],"predecessor-version":[{"id":911,"href":"https:\/\/venstresida.net\/ny\/index.php\/wp-json\/wp\/v2\/posts\/908\/revisions\/911"}],"wp:featuredmedia":[{"embeddable":true,"href":"https:\/\/venstresida.net\/ny\/index.php\/wp-json\/wp\/v2\/media\/910"}],"wp:attachment":[{"href":"https:\/\/venstresida.net\/ny\/index.php\/wp-json\/wp\/v2\/media?parent=908"}],"wp:term":[{"taxonomy":"category","embeddable":true,"href":"https:\/\/venstresida.net\/ny\/index.php\/wp-json\/wp\/v2\/categories?post=908"},{"taxonomy":"post_tag","embeddable":true,"href":"https:\/\/venstresida.net\/ny\/index.php\/wp-json\/wp\/v2\/tags?post=908"}],"curies":[{"name":"wp","href":"https:\/\/api.w.org\/{rel}","templated":true}]}}