{"id":826,"date":"2025-08-12T07:38:54","date_gmt":"2025-08-12T07:38:54","guid":{"rendered":"https:\/\/venstresida.net\/ny\/?p=826"},"modified":"2025-08-12T07:52:32","modified_gmt":"2025-08-12T07:52:32","slug":"esera-ut-mot-gaza-krigen","status":"publish","type":"post","link":"https:\/\/venstresida.net\/ny\/index.php\/2025\/08\/12\/esera-ut-mot-gaza-krigen\/","title":{"rendered":"ESERA ut mot Gaza-krigen"},"content":{"rendered":"\n<p><strong>Den europeiske organisasjonen for realfagsutdanning, ESERA, har kommet med en uttalelse om krigen i Gaza i forkant av den annethver\u00e5rlige konferansen som denne gangen holdes i K\u00f8benhavn om to uker. Jeg siterer fra uttalelsen under.<\/strong><\/p>\n\n\n\n<p>Ekstra viktig tror jeg denne setningen er: <strong><mark style=\"background-color:rgba(0, 0, 0, 0)\" class=\"has-inline-color has-black-color\">&#8220;in times of humanitarian crises professional silence and inaction is not neutrality but complicity.&#8221;<\/mark><\/strong><\/p>\n\n\n\n<p>Passivitet i m\u00f8te med massive overgrep er ikke p\u00e5 noen m\u00e5te &#8220;n\u00f8ytralt&#8221; det er en de facto st\u00f8tte til overgriperen. Det er noe flere burde skrive seg p\u00e5 minnet.<\/p>\n\n\n\n<p>Det <a><\/a>er godt \u00e5 se at stadig flere organisasjoner tar tydelige standpunkt, men enda viktigere er det at disse standpunktene f\u00f8rer til handling!<\/p>\n\n\n\n<p>&#8212;&#8212;&#8212;&#8212;-<\/p>\n\n\n\n<blockquote class=\"wp-block-quote is-layout-flow wp-block-quote-is-layout-flow\">\n<p>The ESERA Board has decided to join other professional organisations in recognising our moral and professional responsibility to not remain silent for the war crimes in Gaza and act beyond symbolic solidarity.<br><br>While ESERA has not traditionally issued statements of this kind, the gravity and urgency of this humanitarian crisis call for a reflection of our values, collective commitment, and responsibility as a community.<br><br>Similarly to international legal bodies, we recognize the health, psychological, social, economic, educational, and structural collapse occurring in Gaza, which violates children\u2019s fundamental right to education (1989 Convention on the Rights of the Child).<br><br>Since October 2023 around 96% of schools in Gaza were hit or damaged and 658,760 school-age children remain out of school. At least 612 members of school staff were killed and 2,769 were injured.&nbsp;Furthermore, more than 57 university buildings have been destroyed and over 190 university academic staff have been reported killed (United Nations, 2025).<br>We call for:<\/p>\n\n\n\n<ol start=\"1\" class=\"wp-block-list\">\n<li>Immediate international intervention, including a permanent ceasefire, release of all hostages, and unrestricted humanitarian access.<\/li>\n\n\n\n<li>Defending academic freedom for scholars including those who research, teach, and advocate for the recognition of the Palestinian state.<\/li>\n\n\n\n<li>Providing direct support to displaced and targeted scholars, students, and science education professionals.<\/li>\n\n\n\n<li>Promoting research into consequences of the disruption of Gaza\u2019s educational system on children and youth, and design of educational interventions for reparation and restoration.<\/li>\n<\/ol>\n\n\n\n<p>The Board\u2019s position is that in times of humanitarian crises professional silence and inaction is not neutrality but complicity.<br><\/p>\n<\/blockquote>\n\n\n\n<p>Dette kommer etter at press fra medlemmer, ogs\u00e5 har f\u00e5tt norske Tekna, som ofte har v\u00e6rt rimelig h\u00f8yrevridd politisk og som har v\u00e6rt sv\u00e6rt sendrektig i denne saken, til \u00e5 g\u00e5 ut med en uttalelse. <\/p>\n\n\n\n<p>Tekna-medlemmer <a href=\"https:\/\/www.kode24.no\/artikkel\/ber-tekna-engasjere-seg-for-gaza-dette-er-ikke-varsomhet-det-er-uansvarlighet\/242209\" data-type=\"link\" data-id=\"https:\/\/www.kode24.no\/artikkel\/ber-tekna-engasjere-seg-for-gaza-dette-er-ikke-varsomhet-det-er-uansvarlighet\/242209\">skrev for litt siden<\/a>:<br><br><\/p>\n\n\n\n<blockquote class=\"wp-block-quote is-layout-flow wp-block-quote-is-layout-flow\">\n<p>N\u00e5r Tekna forholder seg tause mens teknologi vi selv bruker utsletter sivile liv og hele familier \u2013 da er det ikke lenger bare et etisk problem, vi mener det svekker foreningens troverdighet.<\/p>\n<\/blockquote>\n\n\n\n<blockquote class=\"wp-block-quote is-layout-flow wp-block-quote-is-layout-flow\">\n<p>N\u00e5r Tekna avviser forslag om \u00e5 uttrykke solidaritet med Gaza med henvisning til \u00abvarsomhet\u00bb og \u00abkapasitet\u00bb, m\u00e5 vi stille et grunnleggende sp\u00f8rsm\u00e5l: Hvorfor gjaldt ikke samme varsomhet da Tekna raskt og tydelig ford\u00f8mte Russlands angrep p\u00e5 Ukraina? <\/p>\n\n\n\n<p>Dette handler ikke om prinsipiell forsiktighet \u2013 det fremst\u00e5r som stilltiende aksept for \u00e5 vende blikket bort fra en av v\u00e5r tids mest brutale og dokumenterte menneskeskapte katastrofer.<\/p>\n<\/blockquote>\n\n\n\n<blockquote class=\"wp-block-quote is-layout-flow wp-block-quote-is-layout-flow\">\n<p>N\u00e5r Tekna velger \u00e5 v\u00e6re tause om Gaza, risikerer vi \u00e5 legitimere en utvikling hvor teknologi brukes uten et moralsk rammeverk &#8211; der hensyn til makt, \u00f8konomi og bekvemmelighet settes h\u00f8yere enn internasjonal rett og menneskeverd. <\/p>\n\n\n\n<p>Man trenger ikke \u00e5 v\u00e6re en politisk akt\u00f8r for \u00e5 kritisere og stille krav til selskaper og organisasjoner om \u00e5 respektere folkeretten. Argumenter som dette har prinsipielle svakheter, er selvmotsigende og videref\u00f8rer den inkonsistente praksisen.<\/p>\n<\/blockquote>\n\n\n\n<p>Som en respons kom Tekna n\u00e5 nettopp med en <a href=\"https:\/\/www.tekna.no\/aktuelt\/industryall-resulosjon\/\" data-type=\"link\" data-id=\"https:\/\/www.tekna.no\/aktuelt\/industryall-resulosjon\/\">uttalelse<\/a> hvor de bl.a. skriver:<\/p>\n\n\n\n<blockquote class=\"wp-block-quote is-layout-flow wp-block-quote-is-layout-flow\">\n<p>IndustriAll Europes resolusjon krever umiddelbar v\u00e5penhvile og slutt p\u00e5 menneskerettighetsbrudd i Gaza. Denne st\u00f8ttes av Tekna.<\/p>\n<\/blockquote>\n\n\n\n<p>Man kan si det er lite og seint, men det er definitivt en forbedring. Det er ogs\u00e5 et godt bevis p\u00e5 at aktivisme virker, og at det virker \u00e5 f\u00e5 slike saker opp og fram i offentlighetens lys. Stilltiende aksept av folkemord ser nemlig ikke s\u00e5 pent ut.<\/p>\n","protected":false},"excerpt":{"rendered":"<p>Den europeiske organisasjonen for realfagsutdanning, ESERA, har kommet med en uttalelse om krigen i Gaza i forkant av den annethver\u00e5rlige konferansen som denne gangen holdes i K\u00f8benhavn om to uker. Jeg siterer&#8230;<\/p>\n","protected":false},"author":1,"featured_media":0,"comment_status":"open","ping_status":"open","sticky":false,"template":"","format":"standard","meta":{"advanced_seo_description":"","jetpack_seo_html_title":"","jetpack_seo_noindex":false,"_jetpack_memberships_contains_paid_content":false,"footnotes":"","jetpack_publicize_message":"","jetpack_publicize_feature_enabled":true,"jetpack_social_post_already_shared":true,"jetpack_social_options":{"image_generator_settings":{"template":"highway","default_image_id":0,"font":"","enabled":false},"version":2}},"categories":[28,25,1,31],"tags":[],"class_list":["post-826","post","type-post","status-publish","format-standard","hentry","category-fagforening","category-politikk","category-uncategorized","category-utdanning"],"jetpack_publicize_connections":[],"jetpack_featured_media_url":"","jetpack_sharing_enabled":true,"post_mailing_queue_ids":[],"_links":{"self":[{"href":"https:\/\/venstresida.net\/ny\/index.php\/wp-json\/wp\/v2\/posts\/826","targetHints":{"allow":["GET"]}}],"collection":[{"href":"https:\/\/venstresida.net\/ny\/index.php\/wp-json\/wp\/v2\/posts"}],"about":[{"href":"https:\/\/venstresida.net\/ny\/index.php\/wp-json\/wp\/v2\/types\/post"}],"author":[{"embeddable":true,"href":"https:\/\/venstresida.net\/ny\/index.php\/wp-json\/wp\/v2\/users\/1"}],"replies":[{"embeddable":true,"href":"https:\/\/venstresida.net\/ny\/index.php\/wp-json\/wp\/v2\/comments?post=826"}],"version-history":[{"count":8,"href":"https:\/\/venstresida.net\/ny\/index.php\/wp-json\/wp\/v2\/posts\/826\/revisions"}],"predecessor-version":[{"id":834,"href":"https:\/\/venstresida.net\/ny\/index.php\/wp-json\/wp\/v2\/posts\/826\/revisions\/834"}],"wp:attachment":[{"href":"https:\/\/venstresida.net\/ny\/index.php\/wp-json\/wp\/v2\/media?parent=826"}],"wp:term":[{"taxonomy":"category","embeddable":true,"href":"https:\/\/venstresida.net\/ny\/index.php\/wp-json\/wp\/v2\/categories?post=826"},{"taxonomy":"post_tag","embeddable":true,"href":"https:\/\/venstresida.net\/ny\/index.php\/wp-json\/wp\/v2\/tags?post=826"}],"curies":[{"name":"wp","href":"https:\/\/api.w.org\/{rel}","templated":true}]}}