{"id":194,"date":"2024-06-10T13:10:02","date_gmt":"2024-06-10T13:10:02","guid":{"rendered":"https:\/\/thegramsciblog.wordpress.com\/?p=194"},"modified":"2024-06-10T13:10:02","modified_gmt":"2024-06-10T13:10:02","slug":"tariffdebatt-var-24","status":"publish","type":"post","link":"https:\/\/venstresida.net\/ny\/index.php\/2024\/06\/10\/tariffdebatt-var-24\/","title":{"rendered":"Tariffdebatt, v\u00e5r 24"},"content":{"rendered":"\n<figure class=\"wp-block-image size-large\"><a href=\"https:\/\/thegramsciblog.wordpress.com\/wp-content\/uploads\/2024\/06\/bilde.png\"><img decoding=\"async\" src=\"https:\/\/thegramsciblog.wordpress.com\/wp-content\/uploads\/2024\/06\/bilde.png?w=1024\" alt=\"\" class=\"wp-image-195\" \/><\/a><\/figure>\n\n\n\n<p>Tarifforhandlingene v\u00e5ren 2024 ble preget av neo historisk nytt: To hovedsammenslutninger (Akademikerne og Uion) gikk til streik, ikke for \u00e5 f\u00e5 en \u00f8kt l\u00f8nnsramme, ikke for \u00e5 f\u00e5 endret fordelingen innenfro l\u00f8nsrammen, men helt enkelt for \u00e5 hindre to andre hovedsammensluntinger (LO og YS) i \u00e5 komme p\u00e5 samme tariffavtale som dem.<br><br>Etter fagbevegelsens mange\u00e5rige kamp i \u00e5 etablere felles nasnjonale tariffavtaler er denne noe ganske nytt (og ukameratlig), noe som naturlig nok avf\u00f8dte noe debatt. Leg vil lime inn lenker til mine bidrag under her, og ogs\u00e5 ta med andre bidrag n\u00f8dvendige for konteksten.<\/p>\n\n\n\n<p>Katharina Sass, En streik for enda st\u00f8rre l\u00f8nnsulikhet: <a href=\"https:\/\/www.khrono.no\/en-streik-for-enda-storre-lonnsulikhet\/875882\">https:\/\/www.khrono.no\/en-streik-for-enda-storre-lonnsulikhet\/875882<\/a><br>Steinar Vagstad, Sass (og NTL?) og bakkekontakten: <a href=\"https:\/\/www.khrono.no\/sass-og-ntl-og-bakkekontakten\/877029\">https:\/\/www.khrono.no\/sass-og-ntl-og-bakkekontakten\/877029<\/a><br>Axel Hjelme, Hvilke utdanningsgrupper vil dere l\u00f8fte, Unio? <a href=\"https:\/\/www.khrono.no\/hvilke-utdanningsgrupper-vil-dere-lofte-unio\/877663\">https:\/\/www.khrono.no\/hvilke-utdanningsgrupper-vil-dere-lofte-unio\/877663<\/a><\/p>\n\n\n\n<p>Jeg kommenterer Vagstads prosentregning: Kroner, prosent og kj\u00f8pekraft i dyrtid: <a href=\"https:\/\/www.khrono.no\/kroner-prosent-og-kjopekraft-i-dyrtid\/877524\">https:\/\/www.khrono.no\/kroner-prosent-og-kjopekraft-i-dyrtid\/877524<\/a><\/p>\n\n\n\n<p>Elina Nilsen, Hvorfor denne streiken har gitt meg en vond smak i munnen: <a href=\"https:\/\/www.khrono.no\/hvorfor-denne-streiken-har-gitt-meg-en-vond-smak-i-munnen\/878684\">https:\/\/www.khrono.no\/hvorfor-denne-streiken-har-gitt-meg-en-vond-smak-i-munnen\/878684<\/a><\/p>\n\n\n\n<p>Vagstad svarer, NTL og streiken i staten: <a href=\"https:\/\/www.khrono.no\/ntl-og-streiken-i-staten\/878660\">https:\/\/www.khrono.no\/ntl-og-streiken-i-staten\/878660<\/a><\/p>\n\n\n\n<p>Hjelme og undertegnede svarer Vagstad igjen, NTL jobber for hele laget av utdannings\u00adgrupper: <a href=\"https:\/\/www.khrono.no\/ntl-jobber-for-hele-laget-av-utdanningsgrupper\/879733\">https:\/\/www.khrono.no\/ntl-jobber-for-hele-laget-av-utdanningsgrupper\/879733<\/a><\/p>\n\n\n\n<p>Universitetsavisas redakt\u00f8r angriper undertegnede, N\u00e5r streikende angripes fra tillitsvalgte: <a href=\"https:\/\/www.universitetsavisa.no\/fagforeninger-forskerforbundet-ntl\/nar-streikende-angripes-fra-tillitsvalgte\/408488\">https:\/\/www.universitetsavisa.no\/fagforeninger-forskerforbundet-ntl\/nar-streikende-angripes-fra-tillitsvalgte\/408488<\/a><\/p>\n\n\n\n<p>Jeg svarer, Feilaktig om NTL og streiken: <a href=\"https:\/\/www.universitetsavisa.no\/fagforeninger-lonn-ntl\/feilaktig-om-ntl-og-streiken\/408656\">https:\/\/www.universitetsavisa.no\/fagforeninger-lonn-ntl\/feilaktig-om-ntl-og-streiken\/408656<\/a><br><br>Og l\u00f8per p\u00e5 et merkelig tonepoliti-innlegg fra Akademikerene: <a href=\"https:\/\/www.universitetsavisa.no\/akademikerne-lonnsoppgjor-ntnu\/personangrep-i-det-offentlige-ordskiftet\/408915\">https:\/\/www.universitetsavisa.no\/akademikerne-lonnsoppgjor-ntnu\/personangrep-i-det-offentlige-ordskiftet\/408915<\/a><br><br>Som blir prompte besvart: <br><br><strong>Noen grunnleggende punkter om saklig debatt<\/strong><\/p>\n\n\n\n<p>Akademikernes \u00d8ystein Moen kommer i Universitetsavisa med et par merkelige utspill. Det ene er at jeg skal ha kommet med personangrep p\u00e5 Universitetsavisas redakt\u00f8r. Et personangrep er n\u00e5r du angriper personen selv i stedet for en persons utsagn eller meninger. N\u00e5r jeg f.eks. p\u00e5peker at et utsagn Oksholen kommer med i sitt innlegg er usant, og peker p\u00e5 dokumentasjon som viser nettopp dette, er det tvert imot b\u00e5de saklig, dokumenterbart og etterpr\u00f8vbart. Oksholen som person har jeg ingenting imot, men jeg kan selvsagt ikke la grovt feilaktige p\u00e5stander om hva NTL sin politikk er st\u00e5 uimotsagt.<br><br>N\u00e5r Moen anklager meg for \u00e5 komme med personangrep kommer han p\u00e5 sin side med ingen konkrete eksempler, og ingen dokumentasjon. Attp\u00e5til knytter han meg gjennom sammenligninger med &#8220;utviklingen i andre land der det er sterk polarisering og mer ekstrem retorikk&#8221; til bl.a. framveksten av h\u00f8yreekstremisme i vestlige land. Jeg kan v\u00e6re enig med Moen i at det er noen som bryter helt grunnleggende regler for saklig debatt her. S\u00e5 er vi sikkert uenig om hvem det er.<\/p>\n\n\n\n<p>S\u00e5 skriver Moen videre noe kanskje enda merkeligere. Han mener at det at bl.a. jeg f\u00f8rer en offentlig diskusjon om tariffsp\u00f8rsm\u00e5l i staten hvor Moen tydeligvis er uenig med meg, kan \u00f8delegge for samarbeidet i &#8220;krevende prosesser knyttet til nedbemanning og omstilling&#8221;.&nbsp;<\/p>\n\n\n\n<p>Jeg mener et helt minimum av profesjonalitet NTLs medlemmer b\u00f8r kunne forvente av sine tillitsvalgte er at de kan samarbeide med b\u00e5de arbeidsgiver og andre organisasjoner om ting hvor man har felles interesser, helt uavhengig av om man er uenig i andre sp\u00f8rsm\u00e5l. Det ville overraske meg om Moen ikke synes Akademikernes medlemmer b\u00f8r kunne forvente det samme av sine tillitsvalgte. Det handler helt enkelt om \u00e5 skille saker fra hverandre, og som omtalt over, ikke minst \u00e5 skille sak og person.&nbsp;<\/p>\n\n\n\n<p>Det overrasker meg at Moen tenker at et innlegg som systematisk sauser sammen sak og person, og undergraver troen p\u00e5 profesjonalitet hos tillitsvalgte skal avhjelpe disse problemene. Om Moen vil diskutere dette over en hyggelig kopp kaffe heller enn \u00e5 bedrive tonepolitivirksomhet i Universitetsavisas spalter, stiller jeg gjerne opp.<\/p>\n","protected":false},"excerpt":{"rendered":"<p>Tarifforhandlingene v\u00e5ren 2024 ble preget av neo historisk nytt: To hovedsammenslutninger (Akademikerne og Uion) gikk til streik, ikke for \u00e5 f\u00e5 en \u00f8kt l\u00f8nnsramme, ikke for \u00e5 f\u00e5 endret fordelingen innenfro l\u00f8nsrammen,&#8230;<\/p>\n","protected":false},"author":1,"featured_media":0,"comment_status":"open","ping_status":"open","sticky":false,"template":"","format":"standard","meta":{"advanced_seo_description":"","jetpack_seo_html_title":"","jetpack_seo_noindex":false,"_jetpack_memberships_contains_paid_content":false,"footnotes":"","jetpack_publicize_message":"","jetpack_publicize_feature_enabled":true,"jetpack_social_post_already_shared":false,"jetpack_social_options":{"image_generator_settings":{"template":"highway","default_image_id":0,"font":"","enabled":false},"version":2}},"categories":[1],"tags":[5,10,19],"class_list":["post-194","post","type-post","status-publish","format-standard","hentry","category-uncategorized","tag-fagorganisering","tag-lonn","tag-tariffpolitikk"],"jetpack_publicize_connections":[],"jetpack_featured_media_url":"","jetpack_sharing_enabled":true,"post_mailing_queue_ids":[],"_links":{"self":[{"href":"https:\/\/venstresida.net\/ny\/index.php\/wp-json\/wp\/v2\/posts\/194","targetHints":{"allow":["GET"]}}],"collection":[{"href":"https:\/\/venstresida.net\/ny\/index.php\/wp-json\/wp\/v2\/posts"}],"about":[{"href":"https:\/\/venstresida.net\/ny\/index.php\/wp-json\/wp\/v2\/types\/post"}],"author":[{"embeddable":true,"href":"https:\/\/venstresida.net\/ny\/index.php\/wp-json\/wp\/v2\/users\/1"}],"replies":[{"embeddable":true,"href":"https:\/\/venstresida.net\/ny\/index.php\/wp-json\/wp\/v2\/comments?post=194"}],"version-history":[{"count":0,"href":"https:\/\/venstresida.net\/ny\/index.php\/wp-json\/wp\/v2\/posts\/194\/revisions"}],"wp:attachment":[{"href":"https:\/\/venstresida.net\/ny\/index.php\/wp-json\/wp\/v2\/media?parent=194"}],"wp:term":[{"taxonomy":"category","embeddable":true,"href":"https:\/\/venstresida.net\/ny\/index.php\/wp-json\/wp\/v2\/categories?post=194"},{"taxonomy":"post_tag","embeddable":true,"href":"https:\/\/venstresida.net\/ny\/index.php\/wp-json\/wp\/v2\/tags?post=194"}],"curies":[{"name":"wp","href":"https:\/\/api.w.org\/{rel}","templated":true}]}}