{"id":170,"date":"2024-06-04T10:43:06","date_gmt":"2024-06-04T10:43:06","guid":{"rendered":"https:\/\/thegramsciblog.wordpress.com\/?p=170"},"modified":"2024-06-04T10:43:06","modified_gmt":"2024-06-04T10:43:06","slug":"palestina-debatt-i-akademia","status":"publish","type":"post","link":"https:\/\/venstresida.net\/ny\/index.php\/2024\/06\/04\/palestina-debatt-i-akademia\/","title":{"rendered":"Palestina-debatt i akademia"},"content":{"rendered":"\n<figure class=\"wp-block-image size-large is-resized\"><a href=\"https:\/\/thegramsciblog.wordpress.com\/wp-content\/uploads\/2024\/06\/431603313_10161175097690871_2137965081050921980_n.jpg\"><img decoding=\"async\" src=\"https:\/\/thegramsciblog.wordpress.com\/wp-content\/uploads\/2024\/06\/431603313_10161175097690871_2137965081050921980_n.jpg?w=600\" alt=\"\" class=\"wp-image-171\" style=\"width:840px;height:auto\" \/><\/a><\/figure>\n\n\n\n<p>P\u00e5 NTL NTNUs \u00e5rsm\u00f8te i \u00e5r vedtok vi et enstemmig tydelig uttalelse om at NTNU burde bryte formaliserte samarbeid med israelske institusjoner. Dette medf\u00f8rte en st\u00f8rre debatt, hvor jeg vil lime inn lenker til noen innlegg ned gjennom saken her: <\/p>\n\n\n\n<p>Intervju med Universitetsavisa: <a href=\"https:\/\/www.universitetsavisa.no\/akademisk-boikott-israel-israel-palestina-konflikten\/fagforening-ved-ntnu-vedtok-akademisk-boikott-enstemmig\/402541\">https:\/\/www.universitetsavisa.no\/akademisk-boikott-israel-israel-palestina-konflikten\/fagforening-ved-ntnu-vedtok-akademisk-boikott-enstemmig\/402541<\/a><br><br>Innlegg fra UAs redakt\u00f8r: <a href=\"https:\/\/www.universitetsavisa.no\/boikott-israelsk-akademia-ntl\/kravet-om-akademisk-boikott-av-israel-er-et-blindspor\/402693\">https:\/\/www.universitetsavisa.no\/boikott-israelsk-akademia-ntl\/kravet-om-akademisk-boikott-av-israel-er-et-blindspor\/402693<\/a><br><br>Svar til redakt\u00f8ren: &#8220;<strong>Uverdig argumentasjon mot boikott<\/strong>&#8220;: <a href=\"https:\/\/www.universitetsavisa.no\/uverdig-argumentasjon-mot-boikott\/402792\">https:\/\/www.universitetsavisa.no\/uverdig-argumentasjon-mot-boikott\/402792<\/a><\/p>\n\n\n\n<p>Innlegg fra H.P. Graver i Aftenposten og Universitetsavisa: <a href=\"https:\/\/www.aftenposten.no\/meninger\/debatt\/i\/15QqQK\/akademisk-boikott-er-autoritaert-og-prinsipploest\">https:\/\/www.aftenposten.no\/meninger\/debatt\/i\/15QqQK\/akademisk-boikott-er-autoritaert-og-prinsipploest<\/a><\/p>\n\n\n<div class=\"wp-block-image\">\n<figure class=\"alignright size-large is-resized\"><a href=\"https:\/\/thegramsciblog.wordpress.com\/wp-content\/uploads\/2024\/06\/434086671_10161210820540871_1620194033823431703_n.jpg\"><img decoding=\"async\" src=\"https:\/\/thegramsciblog.wordpress.com\/wp-content\/uploads\/2024\/06\/434086671_10161210820540871_1620194033823431703_n.jpg?w=294\" alt=\"\" class=\"wp-image-178\" style=\"width:296px;height:auto\" \/><\/a><\/figure>\n<\/div>\n\n\n<p>Noen en LEder fra UAs redakt\u00f8r: <a href=\"https:\/\/www.universitetsavisa.no\/akademisk-boikott-akademisk-frihet-israel\/ntls-vedtak-bryter-med-retten-til-akademisk-frihet\/403819\">https:\/\/www.universitetsavisa.no\/akademisk-boikott-akademisk-frihet-israel\/ntls-vedtak-bryter-med-retten-til-akademisk-frihet\/403819<\/a><\/p>\n\n\n\n<p>Kort svar til Graver i Aftenposten (limt inn til venstre):<\/p>\n\n\n\n<p>Svar til Graver og Oksholen: &#8220;<strong>Svake argument, bruk str\u00e5menn?<\/strong>&#8220;: <a href=\"https:\/\/www.universitetsavisa.no\/akademisk-boikott-akademisk-frihet-akademisk-ytringsfrihet\/svake-argument-bruk-stramenn\/403941\">https:\/\/www.universitetsavisa.no\/akademisk-boikott-akademisk-frihet-akademisk-ytringsfrihet\/svake-argument-bruk-stramenn\/403941<\/a><\/p>\n\n\n\n<p>Svar fra Graver: <a href=\"https:\/\/www.universitetsavisa.no\/akademisk-frihet-hans-petter-graver-institusjonell-boikott\/ogsa-institusjonell-boikott-undergraver-den-akademiske-friheten\/403988\">https:\/\/www.universitetsavisa.no\/akademisk-frihet-hans-petter-graver-institusjonell-boikott\/ogsa-institusjonell-boikott-undergraver-den-akademiske-friheten\/403988<\/a><\/p>\n\n\n\n<p>Svar til Graver: &#8220;<strong>Normativt og prinsipielt, Graver<\/strong>&#8220;: <a href=\"https:\/\/www.universitetsavisa.no\/akademisk-boikott-akademisk-frihet-israel\/normativt-og-prinsipielt-graver\/404055\">https:\/\/www.universitetsavisa.no\/akademisk-boikott-akademisk-frihet-israel\/normativt-og-prinsipielt-graver\/404055<\/a><\/p>\n\n\n\n<p>Fra NTNUs styrem\u00f8te i mai 2024: <strong>&#8220;- Samstemt om at NTNU ikke b\u00f8r inng\u00e5 nye avtaler med israelske universitet&#8221;:<\/strong> <a href=\"https:\/\/www.universitetsavisa.no\/akademisk-boikott-ntnu-ntnu-styret\/samstemt-om-at-ntnu-ikke-bor-innga-nye-avtaler-med-israelske-universitet\/406758\">https:\/\/www.universitetsavisa.no\/akademisk-boikott-ntnu-ntnu-styret\/samstemt-om-at-ntnu-ikke-bor-innga-nye-avtaler-med-israelske-universitet\/406758<\/a><\/p>\n\n\n\n<p>Oppf\u00f8lging fra NTL NTNUs styre: <br><\/p>\n\n\n\n<figure class=\"wp-block-image size-large\"><a href=\"https:\/\/thegramsciblog.wordpress.com\/wp-content\/uploads\/2024\/06\/447403115_10161313844050871_4555871476418133_n.jpg\"><img decoding=\"async\" src=\"https:\/\/thegramsciblog.wordpress.com\/wp-content\/uploads\/2024\/06\/447403115_10161313844050871_4555871476418133_n.jpg?w=720\" alt=\"\" class=\"wp-image-182\" \/><\/a><\/figure>\n\n\n\n<p>Uttalelse fra NTL NTNUs styre og oppfordring til andre fagforeninger: <a href=\"https:\/\/www.universitetsavisa.no\/akademisk-boikott-fagforeninger-forskerforbundet\/fagforeningene-delt-over-boikott-vedtak-i-ntnu-styret\/407633\">https:\/\/www.universitetsavisa.no\/akademisk-boikott-fagforeninger-forskerforbundet\/fagforeningene-delt-over-boikott-vedtak-i-ntnu-styret\/407633<\/a><\/p>\n\n\n\n<p><\/p>\n","protected":false},"excerpt":{"rendered":"<p>P\u00e5 NTL NTNUs \u00e5rsm\u00f8te i \u00e5r vedtok vi et enstemmig tydelig uttalelse om at NTNU burde bryte formaliserte samarbeid med israelske institusjoner. Dette medf\u00f8rte en st\u00f8rre debatt, hvor jeg vil lime inn&#8230;<\/p>\n","protected":false},"author":1,"featured_media":0,"comment_status":"open","ping_status":"open","sticky":false,"template":"","format":"standard","meta":{"advanced_seo_description":"","jetpack_seo_html_title":"","jetpack_seo_noindex":false,"_jetpack_memberships_contains_paid_content":false,"footnotes":"","jetpack_publicize_message":"","jetpack_publicize_feature_enabled":true,"jetpack_social_post_already_shared":false,"jetpack_social_options":{"image_generator_settings":{"template":"highway","default_image_id":0,"font":"","enabled":false},"version":2}},"categories":[1],"tags":[8,12,16],"class_list":["post-170","post","type-post","status-publish","format-standard","hentry","category-uncategorized","tag-israel","tag-nyheter","tag-politikk"],"jetpack_publicize_connections":[],"jetpack_featured_media_url":"","jetpack_sharing_enabled":true,"post_mailing_queue_ids":[],"_links":{"self":[{"href":"https:\/\/venstresida.net\/ny\/index.php\/wp-json\/wp\/v2\/posts\/170","targetHints":{"allow":["GET"]}}],"collection":[{"href":"https:\/\/venstresida.net\/ny\/index.php\/wp-json\/wp\/v2\/posts"}],"about":[{"href":"https:\/\/venstresida.net\/ny\/index.php\/wp-json\/wp\/v2\/types\/post"}],"author":[{"embeddable":true,"href":"https:\/\/venstresida.net\/ny\/index.php\/wp-json\/wp\/v2\/users\/1"}],"replies":[{"embeddable":true,"href":"https:\/\/venstresida.net\/ny\/index.php\/wp-json\/wp\/v2\/comments?post=170"}],"version-history":[{"count":0,"href":"https:\/\/venstresida.net\/ny\/index.php\/wp-json\/wp\/v2\/posts\/170\/revisions"}],"wp:attachment":[{"href":"https:\/\/venstresida.net\/ny\/index.php\/wp-json\/wp\/v2\/media?parent=170"}],"wp:term":[{"taxonomy":"category","embeddable":true,"href":"https:\/\/venstresida.net\/ny\/index.php\/wp-json\/wp\/v2\/categories?post=170"},{"taxonomy":"post_tag","embeddable":true,"href":"https:\/\/venstresida.net\/ny\/index.php\/wp-json\/wp\/v2\/tags?post=170"}],"curies":[{"name":"wp","href":"https:\/\/api.w.org\/{rel}","templated":true}]}}